{"id":800,"__str__":"Projeto de Resolu\u00e7\u00e3o n\u00ba 2 de 2021 | Proposi\u00e7\u00e3o inclusa na Ordem do Dia | 16/03/2021","link_detail_backend":"/materia/tramitacao/800","metadata":{},"timestamp":"2021-03-16T10:21:24.610505-03:00","data_tramitacao":"2021-03-16","data_encaminhamento":"2021-03-16","urgente":true,"turno":"A","texto":"Para aprecia\u00e7\u00e3o \u00fanica","data_fim_prazo":"2021-03-16","ip":"45.238.114.4","ultima_edicao":"2021-03-16T10:20:21.731068-03:00","status":18,"materia":242,"unidade_tramitacao_local":4,"unidade_tramitacao_destino":4,"user":2}