{"id":667,"__str__":"Requerimento n\u00ba 25 de 2021 | Proposi\u00e7\u00e3o para apresentar em Plen\u00e1rio | 26/02/2021","link_detail_backend":"/materia/tramitacao/667","metadata":{},"timestamp":"2021-02-27T12:20:15.207657-03:00","data_tramitacao":"2021-02-26","data_encaminhamento":"2021-02-26","urgente":false,"turno":"U","texto":"Para aprecia\u00e7\u00e3o \u00fanica.","data_fim_prazo":"2021-03-02","ip":"45.238.114.8","ultima_edicao":"2021-02-27T12:20:14.748383-03:00","status":11,"materia":202,"unidade_tramitacao_local":2,"unidade_tramitacao_destino":4,"user":2}