{"id":4974,"__str__":"Requerimento n\u00ba 128 de 2023 | Proposi\u00e7\u00e3o para Incluir na Ordem do Dia | 08/09/2023","link_detail_backend":"/materia/tramitacao/4974","metadata":{},"timestamp":"2023-09-11T11:52:21.087349-03:00","data_tramitacao":"2023-09-08","data_encaminhamento":"2023-09-08","urgente":false,"turno":"","texto":"Para aprecia\u00e7\u00e3o \u00fanica","data_fim_prazo":"2023-09-11","ip":"179.224.187.41","ultima_edicao":"2023-09-11T11:52:02.624622-03:00","status":42,"materia":1164,"unidade_tramitacao_local":2,"unidade_tramitacao_destino":4,"user":2}