{"id":494,"__str__":"Requerimento n\u00ba 6 de 2021 | Proposi\u00e7\u00e3o inclusa na Ordem do Dia | 16/02/2021","link_detail_backend":"/materia/tramitacao/494","metadata":{},"timestamp":"2021-02-16T10:23:03.793309-03:00","data_tramitacao":"2021-02-16","data_encaminhamento":"2021-02-16","urgente":false,"turno":"U","texto":"Para aprecia\u00e7\u00e3o \u00fanica","data_fim_prazo":"2021-02-16","ip":"131.196.108.131","ultima_edicao":"2021-02-16T10:23:03.440442-03:00","status":18,"materia":151,"unidade_tramitacao_local":4,"unidade_tramitacao_destino":4,"user":2}