{"id":448,"__str__":"Requerimento n\u00ba 2 de 2021 | Proposi\u00e7\u00e3o inclusa na Ordem do Dia | 11/02/2021","link_detail_backend":"/materia/tramitacao/448","metadata":{},"timestamp":"2021-02-11T10:22:16.165219-03:00","data_tramitacao":"2021-02-11","data_encaminhamento":"2021-02-11","urgente":false,"turno":"U","texto":"Para aprecia\u00e7\u00e3o \u00fanica","data_fim_prazo":"2021-02-11","ip":"189.84.125.66","ultima_edicao":"2021-02-11T10:22:00.243002-03:00","status":18,"materia":144,"unidade_tramitacao_local":4,"unidade_tramitacao_destino":4,"user":2}