{"id":2821,"__str__":"Parecer Pr\u00e9vio do Tribunal de Contas n\u00ba 14 de 2022 | Proposi\u00e7\u00e3o inclusa na Ordem do Dia | 02/06/2022","link_detail_backend":"/materia/tramitacao/2821","metadata":{},"timestamp":"2022-06-02T10:14:04.610298-03:00","data_tramitacao":"2022-06-02","data_encaminhamento":"2022-06-02","urgente":false,"turno":"U","texto":"Para aprecia\u00e7\u00e3o \u00fanica","data_fim_prazo":"2022-06-02","ip":"38.43.97.225","ultima_edicao":"2022-06-02T10:13:52.864176-03:00","status":18,"materia":690,"unidade_tramitacao_local":4,"unidade_tramitacao_destino":4,"user":2}