{"id":492,"__str__":"Requerimento n\u00ba 162 de 2021","link_detail_backend":"/materia/492","metadata":{},"numero":162,"ano":2021,"numero_protocolo":null,"data_apresentacao":"2021-09-14","tipo_apresentacao":"E","data_publicacao":null,"numero_origem_externa":"","ano_origem_externa":null,"data_origem_externa":null,"apelido":"","dias_prazo":null,"data_fim_prazo":null,"em_tramitacao":false,"polemica":false,"objeto":"","complementar":false,"ementa":"Requer Ilumina\u00e7\u00e3o P\u00fablica na Entrada da Lagoa de Cima at\u00e9 a EMEF Lagoa de Cima, neste munic\u00edpio.","indexacao":"","observacao":"","resultado":"","texto_original":null,"data_ultima_atualizacao":"2021-09-16T13:29:34.240965-03:00","ip":"177.190.210.222","ultima_edicao":"2021-09-15T11:25:14.409583-03:00","tipo":7,"regime_tramitacao":1,"tipo_origem_externa":null,"local_origem_externa":null,"user":2,"anexadas":[],"autores":[3]}